{"id":702,"date":"2013-04-14T16:54:03","date_gmt":"2013-04-14T14:54:03","guid":{"rendered":"http:\/\/www.alpbach.bz.it\/?p=702"},"modified":"2014-01-07T14:20:17","modified_gmt":"2014-01-07T13:20:17","slug":"der-europaische-landbotelesung-mit-robert-menasse","status":"publish","type":"post","link":"https:\/\/www.alpbach.bz.it\/it\/der-europaische-landbotelesung-mit-robert-menasse\/","title":{"rendered":"Der europ\u00e4ische Landbote<br\/>Lesung mit Robert Menasse"},"content":{"rendered":"<p><\/p>\n<p style=\"text-align: justify;\"><a href=\"http:\/\/www.alpbach.bz.it\/wp-content\/uploads\/2013\/04\/Menasse2013.jpg\"><img loading=\"lazy\" class=\"alignright  wp-image-1027\" alt=\"Menasse2013\" src=\"http:\/\/www.alpbach.bz.it\/wp-content\/uploads\/2013\/04\/Menasse2013-300x226.jpg\" width=\"216\" height=\"163\" srcset=\"https:\/\/www.alpbach.bz.it\/wp-content\/uploads\/2013\/04\/Menasse2013-300x226.jpg 300w, https:\/\/www.alpbach.bz.it\/wp-content\/uploads\/2013\/04\/Menasse2013-1024x773.jpg 1024w, https:\/\/www.alpbach.bz.it\/wp-content\/uploads\/2013\/04\/Menasse2013-600x453.jpg 600w, https:\/\/www.alpbach.bz.it\/wp-content\/uploads\/2013\/04\/Menasse2013-624x471.jpg 624w, https:\/\/www.alpbach.bz.it\/wp-content\/uploads\/2013\/04\/Menasse2013-900x679.jpg 900w\" sizes=\"(max-width: 216px) 100vw, 216px\" \/><\/a>Anl\u00e4sslich der 27. Bozner Filmtage\u00a0organisieren der Club Alpbach S\u00fcdtirol Alto Adige in Zusammenarbeit mit dem Filmclub Bozen und dem S\u00fcdtiroler K\u00fcnstlerbund eine Lesung mit Robert Menasse.<\/p>\n<p style=\"text-align: justify;\">Donnerstag, 18.04.2013 um 18.00 Uhr<br \/>\nBozen, Dr.-Streiter-Gasse 8\/D,\u00a0Capitol 2<\/p>\n<p style=\"text-align: justify;\"><a href=\"http:\/\/www.alpbach.bz.it\/events\/der-europaische-landbotelesung-mit-robert-menasse\/\">Weitere Informationen<\/a><\/p>\n<p><\/p>","protected":false},"excerpt":{"rendered":"<p>Anl\u00e4sslich der 27. Bozner Filmtage\u00a0organisieren der Club Alpbach S\u00fcdtirol Alto Adige in Zusammenarbeit mit dem Filmclub Bozen und dem S\u00fcdtiroler K\u00fcnstlerbund eine Lesung mit Robert Menasse. Donnerstag, 18.04.2013 um 18.00 Uhr Bozen, Dr.-Streiter-Gasse 8\/D,\u00a0Capitol 2 Weitere Informationen<\/p>\n","protected":false},"author":19,"featured_media":0,"comment_status":"closed","ping_status":"closed","sticky":false,"template":"","format":"standard","meta":{"spay_email":""},"categories":[5],"tags":[],"jetpack_featured_media_url":"","jetpack_shortlink":"https:\/\/wp.me\/p4dUDD-bk","_links":{"self":[{"href":"https:\/\/www.alpbach.bz.it\/it\/wp-json\/wp\/v2\/posts\/702"}],"collection":[{"href":"https:\/\/www.alpbach.bz.it\/it\/wp-json\/wp\/v2\/posts"}],"about":[{"href":"https:\/\/www.alpbach.bz.it\/it\/wp-json\/wp\/v2\/types\/post"}],"author":[{"embeddable":true,"href":"https:\/\/www.alpbach.bz.it\/it\/wp-json\/wp\/v2\/users\/19"}],"replies":[{"embeddable":true,"href":"https:\/\/www.alpbach.bz.it\/it\/wp-json\/wp\/v2\/comments?post=702"}],"version-history":[{"count":16,"href":"https:\/\/www.alpbach.bz.it\/it\/wp-json\/wp\/v2\/posts\/702\/revisions"}],"predecessor-version":[{"id":1030,"href":"https:\/\/www.alpbach.bz.it\/it\/wp-json\/wp\/v2\/posts\/702\/revisions\/1030"}],"wp:attachment":[{"href":"https:\/\/www.alpbach.bz.it\/it\/wp-json\/wp\/v2\/media?parent=702"}],"wp:term":[{"taxonomy":"category","embeddable":true,"href":"https:\/\/www.alpbach.bz.it\/it\/wp-json\/wp\/v2\/categories?post=702"},{"taxonomy":"post_tag","embeddable":true,"href":"https:\/\/www.alpbach.bz.it\/it\/wp-json\/wp\/v2\/tags?post=702"}],"curies":[{"name":"wp","href":"https:\/\/api.w.org\/{rel}","templated":true}]}}