{"id":2782,"date":"2017-01-24T07:40:21","date_gmt":"2017-01-24T06:40:21","guid":{"rendered":"http:\/\/www.alpbach.bz.it\/?p=2782"},"modified":"2017-01-29T11:53:45","modified_gmt":"2017-01-29T10:53:45","slug":"casa_christkind-unsere-weihnachtsfeier","status":"publish","type":"post","link":"https:\/\/www.alpbach.bz.it\/it\/casa_christkind-unsere-weihnachtsfeier\/","title":{"rendered":"CASA_christkind: unsere Weihnachtsfeier"},"content":{"rendered":"<p class=\"qtranxs-available-languages-message qtranxs-available-languages-message-it\">Ci spiace, ma questo articolo \u00e8 disponibile soltanto in <a href=\"https:\/\/www.alpbach.bz.it\/de\/wp-json\/wp\/v2\/posts\/2782\" class=\"qtranxs-available-language-link qtranxs-available-language-link-de\" title=\"Deutsch\">Tedesco<\/a>. Per ragioni di convenienza del visitatore, il contenuto \u00e8 mostrato sotto nella lingua alternativa. Puoi cliccare sul link per cambiare la lingua attiva.<\/p><p><strong><a href=\"http:\/\/www.alpbach.bz.it\/wp-content\/uploads\/2017\/01\/WEBSITE_2017_casa_xmas.png\"><img loading=\"lazy\" class=\"wp-image-2784 size-full alignleft\" src=\"http:\/\/www.alpbach.bz.it\/wp-content\/uploads\/2017\/01\/WEBSITE_2017_casa_xmas.png\" width=\"1814\" height=\"622\" srcset=\"https:\/\/www.alpbach.bz.it\/wp-content\/uploads\/2017\/01\/WEBSITE_2017_casa_xmas.png 1814w, https:\/\/www.alpbach.bz.it\/wp-content\/uploads\/2017\/01\/WEBSITE_2017_casa_xmas-300x103.png 300w, https:\/\/www.alpbach.bz.it\/wp-content\/uploads\/2017\/01\/WEBSITE_2017_casa_xmas-768x263.png 768w, https:\/\/www.alpbach.bz.it\/wp-content\/uploads\/2017\/01\/WEBSITE_2017_casa_xmas-1024x351.png 1024w, https:\/\/www.alpbach.bz.it\/wp-content\/uploads\/2017\/01\/WEBSITE_2017_casa_xmas-600x206.png 600w\" sizes=\"(max-width: 1814px) 100vw, 1814px\" \/><\/a><\/strong><\/p>\n<p><strong>Am 23. Dezember fand das traditionelle Weihnachtsessen des Clubs Alpbach S\u00fcdtirol Alto Adige statt.<\/strong><\/p>\n<p>Wie jedes Jahr war das Treffen nicht nur eine Gelegenheit sich auf die bevorstehenden Feiertage einzustimmen, sondern auch all die CASAler wiederzusehen, die \u00fcber f\u00fcr die Weihnachtstage aus Nah und Fern angereist waren. So war das Restaurant Anita am Bozner Obstplatz auch Begegnungsort f\u00fcr die unterschiedlichen StipendiatInnengenerationen unserer nunmehr 11-j\u00e4hrigen Vereinsgeschichte. Besonderes Weihnachtszuckerl war der Jahresr\u00fcckblick, der EFA-Nostalgie aufkommen lie\u00df und frisch gedruckt allen Mitgliedern mitgegeben wurde.<\/p>\n<p>Zu den fotografischen Eindr\u00fccken des Abends geht es <a href=\"https:\/\/www.facebook.com\/pg\/Club.Alpbach.Suedtirol.Alto.Adige\/photos\/?tab=album&amp;album_id=999293550176351\">hier<\/a>.<\/p>","protected":false},"excerpt":{"rendered":"<p>Ci spiace, ma questo articolo \u00e8 disponibile soltanto in Tedesco. Per ragioni di convenienza del visitatore, il contenuto \u00e8 mostrato sotto nella lingua alternativa. Puoi cliccare sul link per cambiare la lingua attiva. Am 23. Dezember fand das traditionelle Weihnachtsessen des Clubs Alpbach S\u00fcdtirol Alto Adige statt. Wie jedes Jahr war das Treffen nicht nur [&hellip;]<\/p>\n","protected":false},"author":19,"featured_media":0,"comment_status":"open","ping_status":"open","sticky":false,"template":"","format":"standard","meta":{"spay_email":""},"categories":[17,5],"tags":[],"jetpack_featured_media_url":"","jetpack_shortlink":"https:\/\/wp.me\/p4dUDD-IS","_links":{"self":[{"href":"https:\/\/www.alpbach.bz.it\/it\/wp-json\/wp\/v2\/posts\/2782"}],"collection":[{"href":"https:\/\/www.alpbach.bz.it\/it\/wp-json\/wp\/v2\/posts"}],"about":[{"href":"https:\/\/www.alpbach.bz.it\/it\/wp-json\/wp\/v2\/types\/post"}],"author":[{"embeddable":true,"href":"https:\/\/www.alpbach.bz.it\/it\/wp-json\/wp\/v2\/users\/19"}],"replies":[{"embeddable":true,"href":"https:\/\/www.alpbach.bz.it\/it\/wp-json\/wp\/v2\/comments?post=2782"}],"version-history":[{"count":5,"href":"https:\/\/www.alpbach.bz.it\/it\/wp-json\/wp\/v2\/posts\/2782\/revisions"}],"predecessor-version":[{"id":2803,"href":"https:\/\/www.alpbach.bz.it\/it\/wp-json\/wp\/v2\/posts\/2782\/revisions\/2803"}],"wp:attachment":[{"href":"https:\/\/www.alpbach.bz.it\/it\/wp-json\/wp\/v2\/media?parent=2782"}],"wp:term":[{"taxonomy":"category","embeddable":true,"href":"https:\/\/www.alpbach.bz.it\/it\/wp-json\/wp\/v2\/categories?post=2782"},{"taxonomy":"post_tag","embeddable":true,"href":"https:\/\/www.alpbach.bz.it\/it\/wp-json\/wp\/v2\/tags?post=2782"}],"curies":[{"name":"wp","href":"https:\/\/api.w.org\/{rel}","templated":true}]}}