{"id":2742,"date":"2016-11-28T21:20:20","date_gmt":"2016-11-28T20:20:20","guid":{"rendered":"http:\/\/www.alpbach.bz.it\/?p=2742"},"modified":"2016-11-30T17:56:14","modified_gmt":"2016-11-30T16:56:14","slug":"casa_chat-renzis-reform-chance-oder-risiko","status":"publish","type":"post","link":"https:\/\/www.alpbach.bz.it\/it\/casa_chat-renzis-reform-chance-oder-risiko\/","title":{"rendered":"CASA_chat: Renzis Reform &#8211; Chance oder Risiko?"},"content":{"rendered":"<p class=\"qtranxs-available-languages-message qtranxs-available-languages-message-it\">Ci spiace, ma questo articolo \u00e8 disponibile soltanto in <a href=\"https:\/\/www.alpbach.bz.it\/de\/wp-json\/wp\/v2\/posts\/2742\" class=\"qtranxs-available-language-link qtranxs-available-language-link-de\" title=\"Deutsch\">Tedesco<\/a>. Per ragioni di convenienza del visitatore, il contenuto \u00e8 mostrato sotto nella lingua alternativa. Puoi cliccare sul link per cambiare la lingua attiva.<\/p><p><strong>Am 24. Oktober lud der Club Alpbach S\u00fcdtirol Alto Adige zusammen mit dem Verein Politika in den Salon des Hotel Stiegl zu einem CASA_chat, bei dem Inhalte und Konsequenzen des bevorstehenden Verfassungsreferendums diskutiert wurden. Referenten und Diskussionspartner waren Prof. G\u00fcnther Pallaver (Universit\u00e4t Innsbruck) und Elisabeth Alber (Eurac), welche eine wissenschaftlich-analytische Perspektive in die politisierte und politisch instrumentalisierte Debatte rund um Renzis Reform brachten.<\/strong><\/p>\n<p>Mit dem Format der CASA_chats versucht der Club Alpbach S\u00fcdtirol Alto Adige die Tradition der Alpbacher Kamingespr\u00e4che nach S\u00fcdtirol zu holen. Ziel und Anspruch ist ein offener\u00a0Austausch, der Grenzen von Disziplinen, Denkweisen und Formalit\u00e4ten durchbricht,\u00a0so CASA-Pr\u00e4sidentin Julia Sandrini.<\/p>\n<p>So verstand sich der CASA_chat als M\u00f6glichkeit des\u00a0Austauschs und der Ann\u00e4hrung an die komplexen technischen Details und schwer einsch\u00e4tzbaren Auswirkungen der Verfassungsreform. Es war\u00a0&#8220;fact-checking&#8221; und Reflexion zugleich &#8211; von und \u00fcber politisierte mediale Berichterstattung und Informationsveranstaltungen.<\/p>\n<p>In ihrem Kurzinput zeichnete Elisabeth Alber die wichtigsten institutionellen Eckpunkte der Reform auf, G\u00fcnther Pallaver bettete diese in die historische Entwicklung und Auswirkungen auf das Parteiensystems Italiens. Ihre\u00a0Expertise\u00a0war von den rund 35\u00a0TeilnehmerInnen in der Diskussion sehr gesch\u00e4tzt, wurde doch intensiv, aber immer sachlich \u00fcber unterschiedlichste Aspekte der Reform bis hin zu parteipolitischen Strategien debattiert.<\/p>\n<p>In den Schlussworten wurden keine Wahlempfehlungen gegeben, sehr wohl aber zeichnete Prof. Pallaver seinen\u00a0pers\u00f6nlichen Prozess der Meinungsbildung\u00a0nach und\u00a0forderte\u00a0das Publikum heraus, die eigenen Priorit\u00e4ten und Werte abzuw\u00e4gen.<\/p>\n<p>Der CASA bedankt sich bei\u00a0<a href=\"http:\/\/www.politika.bz.it\/\">Politika &#8211; der\u00a0S\u00fcdtiroler Gesellschaft f\u00fcr Politikwissenschaft<\/a>\u00a0f\u00fcr die gute Zusammenarbeit und freut sich auf weiter Diskussionveranstaltungen in der Reihe der CASA_chats!<\/p>","protected":false},"excerpt":{"rendered":"<p>Ci spiace, ma questo articolo \u00e8 disponibile soltanto in Tedesco. Per ragioni di convenienza del visitatore, il contenuto \u00e8 mostrato sotto nella lingua alternativa. Puoi cliccare sul link per cambiare la lingua attiva.Am 24. Oktober lud der Club Alpbach S\u00fcdtirol Alto Adige zusammen mit dem Verein Politika in den Salon des Hotel Stiegl zu einem [&hellip;]<\/p>\n","protected":false},"author":19,"featured_media":2758,"comment_status":"open","ping_status":"open","sticky":false,"template":"","format":"standard","meta":{"spay_email":""},"categories":[17,4,5],"tags":[],"jetpack_featured_media_url":"https:\/\/www.alpbach.bz.it\/wp-content\/uploads\/2016\/11\/WEBSITE_2016_casa_chat.png","jetpack_shortlink":"https:\/\/wp.me\/p4dUDD-Ie","_links":{"self":[{"href":"https:\/\/www.alpbach.bz.it\/it\/wp-json\/wp\/v2\/posts\/2742"}],"collection":[{"href":"https:\/\/www.alpbach.bz.it\/it\/wp-json\/wp\/v2\/posts"}],"about":[{"href":"https:\/\/www.alpbach.bz.it\/it\/wp-json\/wp\/v2\/types\/post"}],"author":[{"embeddable":true,"href":"https:\/\/www.alpbach.bz.it\/it\/wp-json\/wp\/v2\/users\/19"}],"replies":[{"embeddable":true,"href":"https:\/\/www.alpbach.bz.it\/it\/wp-json\/wp\/v2\/comments?post=2742"}],"version-history":[{"count":2,"href":"https:\/\/www.alpbach.bz.it\/it\/wp-json\/wp\/v2\/posts\/2742\/revisions"}],"predecessor-version":[{"id":2748,"href":"https:\/\/www.alpbach.bz.it\/it\/wp-json\/wp\/v2\/posts\/2742\/revisions\/2748"}],"wp:featuredmedia":[{"embeddable":true,"href":"https:\/\/www.alpbach.bz.it\/it\/wp-json\/wp\/v2\/media\/2758"}],"wp:attachment":[{"href":"https:\/\/www.alpbach.bz.it\/it\/wp-json\/wp\/v2\/media?parent=2742"}],"wp:term":[{"taxonomy":"category","embeddable":true,"href":"https:\/\/www.alpbach.bz.it\/it\/wp-json\/wp\/v2\/categories?post=2742"},{"taxonomy":"post_tag","embeddable":true,"href":"https:\/\/www.alpbach.bz.it\/it\/wp-json\/wp\/v2\/tags?post=2742"}],"curies":[{"name":"wp","href":"https:\/\/api.w.org\/{rel}","templated":true}]}}