{"id":2031,"date":"2015-08-13T13:14:37","date_gmt":"2015-08-13T11:14:37","guid":{"rendered":"http:\/\/www.alpbach.bz.it\/?p=2031"},"modified":"2015-08-13T13:15:52","modified_gmt":"2015-08-13T11:15:52","slug":"zum-zehnten-mal-stipendien-fur-junge-sudtiroler","status":"publish","type":"post","link":"https:\/\/www.alpbach.bz.it\/it\/zum-zehnten-mal-stipendien-fur-junge-sudtiroler\/","title":{"rendered":"Zum zehnten Mal Stipendien f\u00fcr junge S\u00fcdtiroler"},"content":{"rendered":"<p><\/p>\n<p class=\"ecxMsoNormal\" style=\"text-align: justify;\"><img loading=\"lazy\" class=\"aligncenter wp-image-2030 size-large\" src=\"http:\/\/www.alpbach.bz.it\/wp-content\/uploads\/2015\/08\/CASA_Stipendienverleihung-2015-1-1024x791.jpg\" alt=\"CASA_Stipendienverleihung 2015-1\" width=\"625\" height=\"483\" srcset=\"https:\/\/www.alpbach.bz.it\/wp-content\/uploads\/2015\/08\/CASA_Stipendienverleihung-2015-1-1024x791.jpg 1024w, https:\/\/www.alpbach.bz.it\/wp-content\/uploads\/2015\/08\/CASA_Stipendienverleihung-2015-1-300x232.jpg 300w, https:\/\/www.alpbach.bz.it\/wp-content\/uploads\/2015\/08\/CASA_Stipendienverleihung-2015-1-600x464.jpg 600w, https:\/\/www.alpbach.bz.it\/wp-content\/uploads\/2015\/08\/CASA_Stipendienverleihung-2015-1-624x482.jpg 624w\" sizes=\"(max-width: 625px) 100vw, 625px\" \/>Das Palais Toggenburg war am Freitagabend (31. Juli) Schauplatz der 10. Stipendien\u00fcbergabe durch den Club Alpbach S\u00fcdtirol Alto Adige an 15 S\u00fcdtiroler Studenten und Jungakademiker sowie drei Sch\u00fcler der TFO Bozen. Sie alle werden am Europ\u00e4ischen Forum Alpbach teilnehmen, das heuer sein 70j\u00e4hriges Bestehen feiert.<\/p>\n<p style=\"text-align: justify;\"><!--more-->Das Stipendium im Wert von jeweils 1.500 Euro erm\u00f6glicht es den jungen S\u00fcdtirolern, vom 19. August bis zum 4. September in Alpbach mit Politikern, Wirtschaftsvertretern, K\u00fcnstlern und Experten verschiedenster Bereiche sowie anderen Studenten aus der ganzen Welt an Seminaren und Diskussionen zum Thema \u201eUnGleichheit\u201c teilzunehmen.<br \/>\nGef\u00f6rdert wird der Aufenthalt der Stipendiaten durch mehrere Sponsoren: Die Stiftung S\u00fcdtiroler Sparkasse, die Autonome Provinz Bozen, die Brennerautobahn, der Unternehmerverband S\u00fcdtirol, der Raiffeistenverband S\u00fcdtirol, die Firmen Markas, Zingerle Metal und Senfter Holding, der Sonderfonds f\u00fcr ehrenamtliche T\u00e4tigkeiten, der TIS Innovation Park, die Dr. Sch\u00e4r AG, die Eurac, die Durst Phototechnik AG, der LVH, die Kellerei Alois Lageder, die VOG und das Medienhaus Athesia sind seit Jahren verl\u00e4ssliche Partner und wichtige St\u00fctzen des Projekts.<br \/>\nWalter A. Lorenz, Rektor der Freien Universit\u00e4t Bozen, der selbst als Mitglied einer Expertenjury die besten Bewerber aus \u00fcber 40 Einsendungen ausgew\u00e4hlt hat, war am Freitag anwesend, um den Gewinnern der Ausschreibung pers\u00f6nlich zu gratulieren und das Stipendium zu \u00fcbergeben. \u201eEs geht uns darum, junge Menschen auszuw\u00e4hlen, die in ihrem Lebenslauf ein gewisses \u201aMehr\u2018 aufweisen als andere, jene, die auch einmal vom vorgegebenen Weg abweichen und etwas wagen\u201c, sagte Lorenz. \u201eEs freut uns, dass S\u00fcdtirol so viele talentierte junge Menschen hervorbringt, die in Alpbach am europ\u00e4ischen Diskurs teilnehmen.\u201c<br \/>\n<strong><br \/>\n<\/strong><b><span lang=\"IT\">Stipendiaten 2015:<\/span><\/b><br \/>\n<span lang=\"IT\">Calas David\u00a0<\/span><br \/>\n<span lang=\"IT\">De Zordo Simon\u00a0\u00a0\u00a0\u00a0\u00a0\u00a0\u00a0\u00a0\u00a0\u00a0\u00a0\u00a0\u00a0\u00a0\u00a0\u00a0\u00a0\u00a0\u00a0\u00a0\u00a0\u00a0\u00a0\u00a0\u00a0\u00a0\u00a0\u00a0\u00a0\u00a0\u00a0\u00a0\u00a0<\/span><br \/>\nGatterer Anna<br \/>\nGuggenbichler Beck Franziska<br \/>\n<span lang=\"IT\">Herz Jessica\u00a0\u00a0\u00a0\u00a0<\/span><br \/>\nHilber Maria Christina<br \/>\nMairhofer Sigrid<br \/>\n<span lang=\"IT\">Monsorno Benjamin\u00a0\u00a0\u00a0\u00a0\u00a0\u00a0\u00a0\u00a0\u00a0\u00a0\u00a0\u00a0\u00a0\u00a0\u00a0\u00a0\u00a0\u00a0\u00a0\u00a0\u00a0\u00a0\u00a0\u00a0\u00a0\u00a0<\/span><br \/>\n<span lang=\"EN-GB\">Ploner Jasmin\u00a0\u00a0\u00a0\u00a0\u00a0\u00a0\u00a0\u00a0\u00a0\u00a0\u00a0\u00a0\u00a0\u00a0\u00a0\u00a0\u00a0\u00a0\u00a0\u00a0\u00a0\u00a0\u00a0\u00a0\u00a0\u00a0\u00a0\u00a0\u00a0\u00a0\u00a0\u00a0\u00a0\u00a0\u00a0\u00a0<\/span><br \/>\n<span lang=\"IT\">Raffl Fabian\u00a0\u00a0\u00a0\u00a0\u00a0\u00a0\u00a0\u00a0\u00a0\u00a0\u00a0\u00a0\u00a0\u00a0\u00a0\u00a0\u00a0\u00a0\u00a0\u00a0\u00a0\u00a0\u00a0\u00a0\u00a0\u00a0\u00a0\u00a0\u00a0\u00a0\u00a0\u00a0\u00a0\u00a0\u00a0\u00a0\u00a0\u00a0\u00a0<\/span><br \/>\nRieder Daniel<br \/>\n<span lang=\"IT\">Scatizza Erica\u00a0\u00a0\u00a0\u00a0\u00a0\u00a0\u00a0\u00a0\u00a0\u00a0\u00a0\u00a0\u00a0\u00a0\u00a0\u00a0\u00a0\u00a0\u00a0\u00a0\u00a0\u00a0\u00a0\u00a0\u00a0<\/span><br \/>\nUnterhofer Roland<br \/>\n<span lang=\"IT\">Zelger Barbara\u00a0\u00a0\u00a0\u00a0\u00a0\u00a0\u00a0\u00a0\u00a0\u00a0\u00a0<\/span><br \/>\nZippl Anna Lena<\/p>\n<p><\/p>","protected":false},"excerpt":{"rendered":"<p>Ci spiace, ma questo articolo \u00e8 disponibile soltanto in Tedesco. Per ragioni di convenienza del visitatore, il contenuto \u00e8 mostrato sotto nella lingua alternativa. Puoi cliccare sul link per cambiare la lingua attiva. Das Palais Toggenburg war am Freitagabend (31. Juli) Schauplatz der 10. Stipendien\u00fcbergabe durch den Club Alpbach S\u00fcdtirol Alto Adige an 15 S\u00fcdtiroler [&hellip;]<\/p>\n","protected":false},"author":19,"featured_media":0,"comment_status":"closed","ping_status":"closed","sticky":false,"template":"","format":"standard","meta":{"spay_email":""},"categories":[17,4,5],"tags":[],"jetpack_featured_media_url":"","jetpack_shortlink":"https:\/\/wp.me\/p4dUDD-wL","_links":{"self":[{"href":"https:\/\/www.alpbach.bz.it\/it\/wp-json\/wp\/v2\/posts\/2031"}],"collection":[{"href":"https:\/\/www.alpbach.bz.it\/it\/wp-json\/wp\/v2\/posts"}],"about":[{"href":"https:\/\/www.alpbach.bz.it\/it\/wp-json\/wp\/v2\/types\/post"}],"author":[{"embeddable":true,"href":"https:\/\/www.alpbach.bz.it\/it\/wp-json\/wp\/v2\/users\/19"}],"replies":[{"embeddable":true,"href":"https:\/\/www.alpbach.bz.it\/it\/wp-json\/wp\/v2\/comments?post=2031"}],"version-history":[{"count":2,"href":"https:\/\/www.alpbach.bz.it\/it\/wp-json\/wp\/v2\/posts\/2031\/revisions"}],"predecessor-version":[{"id":2033,"href":"https:\/\/www.alpbach.bz.it\/it\/wp-json\/wp\/v2\/posts\/2031\/revisions\/2033"}],"wp:attachment":[{"href":"https:\/\/www.alpbach.bz.it\/it\/wp-json\/wp\/v2\/media?parent=2031"}],"wp:term":[{"taxonomy":"category","embeddable":true,"href":"https:\/\/www.alpbach.bz.it\/it\/wp-json\/wp\/v2\/categories?post=2031"},{"taxonomy":"post_tag","embeddable":true,"href":"https:\/\/www.alpbach.bz.it\/it\/wp-json\/wp\/v2\/tags?post=2031"}],"curies":[{"name":"wp","href":"https:\/\/api.w.org\/{rel}","templated":true}]}}