{"id":1182,"date":"2014-03-10T15:28:58","date_gmt":"2014-03-10T14:28:58","guid":{"rendered":"http:\/\/www.alpbach.bz.it\/?p=1182"},"modified":"2014-03-22T12:29:12","modified_gmt":"2014-03-22T11:29:12","slug":"stipendien-fur-das-sudtiroler-wirtschaftsforum-2014-management-von-veranderung-das-unmogliche-moglich-machen","status":"publish","type":"post","link":"https:\/\/www.alpbach.bz.it\/it\/stipendien-fur-das-sudtiroler-wirtschaftsforum-2014-management-von-veranderung-das-unmogliche-moglich-machen\/","title":{"rendered":"Stipendien f\u00fcr das S\u00fcdtiroler Wirtschaftsforum 2014 | Management von Ver\u00e4nderung \u2013 Das Unm\u00f6gliche m\u00f6glich machen"},"content":{"rendered":"<p><\/p>\n<p style=\"text-align: justify;\"><a href=\"http:\/\/www.alpbach.bz.it\/wp-content\/uploads\/2014\/03\/SWF14.jpg\"><img loading=\"lazy\" class=\"alignright size-full wp-image-1183\" alt=\"SWF14\" src=\"http:\/\/www.alpbach.bz.it\/wp-content\/uploads\/2014\/03\/SWF14.jpg\" width=\"331\" height=\"135\" srcset=\"https:\/\/www.alpbach.bz.it\/wp-content\/uploads\/2014\/03\/SWF14.jpg 331w, https:\/\/www.alpbach.bz.it\/wp-content\/uploads\/2014\/03\/SWF14-300x122.jpg 300w\" sizes=\"(max-width: 331px) 100vw, 331px\" \/><\/a>Innovationen, Ver\u00e4nderungen, Unm\u00f6glichkeiten &#8211; im Management und Unternehmertum. Das sind die Schlagw\u00f6rter des 10. S\u00fcdtiroler Wirtschaftsforums, das auch heuer wieder mit seinen internationalen Speakern und Teilnehmern aus der Branche eine spannende Tagung erwarten l\u00e4sst.<\/p>\n<p style=\"text-align: justify;\">Im Auftrag der Stiftung S\u00fcdtiroler Sparkasse vergibt der Club Alpbach S\u00fcdtirol Alto Adige rund 20 Eintrittskarten im Gegenwert von 240\u20ac (plus MwSt.) und erm\u00f6glicht damit jungen, interessierten und motivierten Studenten sowie Mitgliedern des Clubs die Teilnahme am gesamten Event.<\/p>\n<p style=\"text-align: justify;\">Thema: \u201cManagement von Ver\u00e4nderung \u2013 Das Unm\u00f6gliche m\u00f6glich machen\u201d<\/p>\n<p style=\"text-align: justify;\"><!--more-->Vortragende:<\/p>\n<p style=\"text-align: justify;\"><b>Nava Swersky Sofer<\/b> &#8211; Gr\u00fcnderin zahlreicher Start-ups, Unternehmerin, Vorsitzende von NanoIsrael, Expertin f\u00fcr Innovation, Tel Aviv<\/p>\n<p style=\"text-align: justify;\"><b>Oliver Stock<\/b> &#8211; Chefredakteur und Leiter von Handelsblatt Online, D\u00fcsseldorf<\/p>\n<p style=\"text-align: justify;\"><b>Sr. Teresa Zukic<\/b> &#8211; Ordensgr\u00fcnderin, Buchautorin, Komponistin, vormalige Sportlerin<\/p>\n<p style=\"text-align: justify;\"><b>Gregor Heiss<\/b> &#8211; Unternehmer, Consultant, Leadership- und Erfolgscoach<\/p>\n<p style=\"text-align: justify;\">Ort: Forum Brixen \/ S\u00fcdtirol<\/p>\n<p style=\"text-align: justify;\">Zeit: Freitag, den 04.04.2014, von 13:00 bis 20:00 Uhr<\/p>\n<p style=\"text-align: justify;\">Bewerbung:<\/p>\n<p style=\"text-align: justify;\">Interessiert? Teile einen kreativen Input, kritischen Denkansatz, ein Zitat oder Spruch zum heurigen Thema in einem Post auf unserer CASA \u2013 Facebook Seite. Schicke uns zus\u00e4tzlich deinen Lebenslauf sowie gegebenenfalls deine Studienbest\u00e4tigung an <a href=\"mailto:info@alpbach.bz.it\">info@alpbach.bz.it<\/a> oder <a href=\"mailto:pattis@stiftungsparkasse.it\">pattis@stiftungsparkasse.it<\/a> und schon bist du im Rennen! Wenn gew\u00fcnscht, kann die Bewerbung auch direkt per Email erfolgen.<\/p>\n<p style=\"text-align: justify;\">Die Deadline f\u00fcr die Bewerbung ist Freitag, 28. M\u00e4rz 2014, 23 Uhr.<\/p>\n<p style=\"text-align: justify;\">Ein internes Entscheidungsgremium wird die Beitr\u00e4ge nach Originalit\u00e4t und in Kombination mit dem Lebenslauf bewerten und alle Bewerber bis zum 31. M\u00e4rz \u00fcber den Erhalt eines Stipendiums informieren.<\/p>\n<p style=\"text-align: justify;\">Etwaige Restpl\u00e4tze k\u00f6nnen an Mitglieder des Clubs Alpbach S\u00fcdtirol Alto Adige vergeben werden.<\/p>\n<p style=\"text-align: justify;\">Mehr Informationen zum Wirtschaftsforum gibt es auf der Seite <a href=\"http:\/\/www.wirtschaftsforum.it\" target=\"_blank\">www.wirtschaftsforum.it<\/a><\/p>\n<p style=\"text-align: justify;\">Der Club Alpbach S\u00fcdtirol Alto Adige freut sich auf deine Bewerbung und auf ein gemeinsames, spannendes Wirtschaftsforum!<\/p>\n<p style=\"text-align: justify;\">P.S.: Die Stipendienaktion f\u00fcr das Europ\u00e4ische Forum Alpbach 2014 ist bereits in vollem Gange! <a href=\"http:\/\/www.alpbach.bz.it\/bewerbung-efa-2014\" target=\"_blank\">www.alpbach.bz.it\/bewerbung-efa-2014<\/a><\/p>\n<p><\/p>","protected":false},"excerpt":{"rendered":"<p>Innovationen, Ver\u00e4nderungen, Unm\u00f6glichkeiten &#8211; im Management und Unternehmertum. Das sind die Schlagw\u00f6rter des 10. S\u00fcdtiroler Wirtschaftsforums, das auch heuer wieder mit seinen internationalen Speakern und Teilnehmern aus der Branche eine spannende Tagung erwarten l\u00e4sst. Im Auftrag der Stiftung S\u00fcdtiroler Sparkasse vergibt der Club Alpbach S\u00fcdtirol Alto Adige rund 20 Eintrittskarten im Gegenwert von 240\u20ac (plus [&hellip;]<\/p>\n","protected":false},"author":19,"featured_media":0,"comment_status":"closed","ping_status":"closed","sticky":false,"template":"","format":"standard","meta":{"spay_email":""},"categories":[17,5],"tags":[],"jetpack_featured_media_url":"","jetpack_shortlink":"https:\/\/wp.me\/p4dUDD-j4","_links":{"self":[{"href":"https:\/\/www.alpbach.bz.it\/it\/wp-json\/wp\/v2\/posts\/1182"}],"collection":[{"href":"https:\/\/www.alpbach.bz.it\/it\/wp-json\/wp\/v2\/posts"}],"about":[{"href":"https:\/\/www.alpbach.bz.it\/it\/wp-json\/wp\/v2\/types\/post"}],"author":[{"embeddable":true,"href":"https:\/\/www.alpbach.bz.it\/it\/wp-json\/wp\/v2\/users\/19"}],"replies":[{"embeddable":true,"href":"https:\/\/www.alpbach.bz.it\/it\/wp-json\/wp\/v2\/comments?post=1182"}],"version-history":[{"count":3,"href":"https:\/\/www.alpbach.bz.it\/it\/wp-json\/wp\/v2\/posts\/1182\/revisions"}],"predecessor-version":[{"id":1206,"href":"https:\/\/www.alpbach.bz.it\/it\/wp-json\/wp\/v2\/posts\/1182\/revisions\/1206"}],"wp:attachment":[{"href":"https:\/\/www.alpbach.bz.it\/it\/wp-json\/wp\/v2\/media?parent=1182"}],"wp:term":[{"taxonomy":"category","embeddable":true,"href":"https:\/\/www.alpbach.bz.it\/it\/wp-json\/wp\/v2\/categories?post=1182"},{"taxonomy":"post_tag","embeddable":true,"href":"https:\/\/www.alpbach.bz.it\/it\/wp-json\/wp\/v2\/tags?post=1182"}],"curies":[{"name":"wp","href":"https:\/\/api.w.org\/{rel}","templated":true}]}}